{"id":452,"date":"2022-04-28T07:30:00","date_gmt":"2022-04-28T10:30:00","guid":{"rendered":"http:\/\/arcadei.org\/blog\/?p=452"},"modified":"2022-04-23T18:23:31","modified_gmt":"2022-04-23T21:23:31","slug":"la-misa-atropellada-ii","status":"publish","type":"post","link":"https:\/\/arcadei.org\/blog\/la-misa-atropellada-ii\/","title":{"rendered":"La Misa atropellada (II)"},"content":{"rendered":"<div style=\"margin-top: 0px; margin-bottom: 0px;\" class=\"sharethis-inline-share-buttons\" ><\/div>\n<h2 class=\"has-text-align-right wp-block-heading\">Publicado por: Servus Cordis Iesu<\/h2>\n\n\n\n<div class=\"wp-block-image\"><figure class=\"aligncenter size-full\"><a href=\"https:\/\/i0.wp.com\/arcadei.org\/blog\/wp-content\/uploads\/2022\/04\/bl-Flagelacion-03.jpg?ssl=1\"><img data-recalc-dims=\"1\" loading=\"lazy\" decoding=\"async\" width=\"378\" height=\"500\" src=\"https:\/\/i0.wp.com\/arcadei.org\/blog\/wp-content\/uploads\/2022\/04\/bl-Flagelacion-03.jpg?resize=378%2C500&#038;ssl=1\" alt=\"\" class=\"wp-image-453\" srcset=\"https:\/\/i0.wp.com\/arcadei.org\/blog\/wp-content\/uploads\/2022\/04\/bl-Flagelacion-03.jpg?w=378&amp;ssl=1 378w, https:\/\/i0.wp.com\/arcadei.org\/blog\/wp-content\/uploads\/2022\/04\/bl-Flagelacion-03.jpg?resize=227%2C300&amp;ssl=1 227w\" sizes=\"auto, (max-width: 378px) 100vw, 378px\" \/><\/a><\/figure><\/div>\n\n\n\n<p class=\"has-drop-cap\">\u00a1Dios m\u00edo!, al ver a tantos sacerdotes como hoy celebrar con tales irreverencias&#8230; \u00bfQu\u00e9 habr\u00e1 que decir? \u00bfQue representan a Jesucristo o a tantos saltimbanquis que se ganan la vida embobando a la aldean\u00eda con su juego de manos?<\/p>\n\n\n\n<p>La mayor\u00eda de los sacerdotes se esfuerzan en no celebrar bien, sino en despachar la Misa. De aqu\u00ed que tales celebraciones sean no ya un acto de Religi\u00f3n, sino un tr\u00e1fico y un negocio lucrativo.<\/p>\n\n\n\n<p>Y a\u00fan hay algo de admirar, o por mejor decir, que deplorar, y es ver hasta a religiosos, y a\u00fan a religiosos de \u00d3rdenes reformadas y observantes, atropellando de tal modo las ceremonias, que escandalizar\u00edan hasta a los id\u00f3latras y no obrar\u00edan peor que si fuesen sacerdotes seculares m\u00e1s relajados.<\/p>\n\n\n\n<!--more-->\n\n\n\n<p>N\u00f3tese que los sacerdotes que celebran de modo tan indigno pecan, no s\u00f3lo porque cometen grave irreverencia contra el Santo Sacrificio, sino a la vez, porque escandalizan gravemente a las personas que asisten a la Misa.<\/p>\n\n\n\n<p>As\u00ed como el Santo Sacrificio celebrado devotamente infunde gran devoci\u00f3n y veneraci\u00f3n, de igual manera celebrado irreverentemente hace perder el concepto y veneraci\u00f3n que le son debidos.<\/p>\n\n\n\n<p>Se cuenta de San Pedro de Alc\u00e1ntara que una sola de sus Misas, que celebraba con el fervor que le caracterizaba, hac\u00eda mayor bien a las almas que los sermones de los predicadores de la provincia donde se hallase.<\/p>\n\n\n\n<p>Dice el Concilio de Trento que la Iglesia al instituir las ceremonias no se propuso m\u00e1s fin que el de inspirar a los fieles la veneraci\u00f3n debida al sacrificio del altar y a los sublimes misterios que encierra.<\/p>\n\n\n\n<p>Estas ceremonias, desempe\u00f1adas negligentemente y con precipitaci\u00f3n, lejos de inspirar en los fieles veneraci\u00f3n hacia tan santo misterio, hacen que la pierdan totalmente.<\/p>\n\n\n\n<p>Las Misas celebradas con poca reverencia dan pie para que el pueblo haga poco caso del Sant\u00edsimo Sacramento, y, como dice Pedro de Blois:&nbsp;<em>\u201cDe la desordenada e indisciplinada muchedumbre de sacerdotes proviene hoy d\u00eda que se llegue a menospreciar el venerable Sacramento de nuestra redenci\u00f3n\u201d.<\/em><\/p>\n\n\n\n<p>Por esto el Concilio de Tours, celebrado en el a\u00f1o 1583, orden\u00f3 que los sacerdotes estuviesen bien instruidos en las ceremonias de la Santa Misa, dando para ello esta notable raz\u00f3n:&nbsp;<em>\u201cNo sea que aparten de la devoci\u00f3n al pueblo a ellos encomendado, antes de inducirlos a la veneraci\u00f3n de los misterios\u201d.<\/em><\/p>\n\n\n\n<p>\u00bfC\u00f3mo pretender\u00e1n, pues, los sacerdotes con tan indevotas celebraciones alcanzar el perd\u00f3n de sus pecados y gracias de Dios, si al tiempo de ofrecerlas le ofenden, caus\u00e1ndole m\u00e1s deshonra que honor?&nbsp;<em>\u201cCon la celebraci\u00f3n del sacrificio &#8211;<\/em>dice el Papa San Julio-&nbsp;<em>se borran los pecados. Y \u00bfqu\u00e9 se podr\u00e1 ofrecer al Se\u00f1or en expiaci\u00f3n de los pecados cometidos hasta en la oblaci\u00f3n del mismo Sacrificio?\u201d.<\/em><\/p>\n\n\n\n<p><strong>Ofender\u00eda a Dios el sacerdote que no creyese en el sacramento de la Eucarist\u00eda, pero se ofende a\u00fan m\u00e1s el que, creyendo en \u00e9l, no le tributa el debido respeto<\/strong>. Es responsable de que aquellos que le ven celebrar con tan poca reverencia, pierdan el respeto que conservar\u00edan si \u00e9l obrara de otro modo.<\/p>\n\n\n\n<p>Los jud\u00edos respetaron a Jesucristo al principio de su predicaci\u00f3n; pero cuando vieron c\u00f3mo lo despreciaban los sacerdotes, perdieron el buen concepto que de \u00c9l ten\u00edan, y acabaron por gritar con los mismos sacerdotes:&nbsp;<em>\u201c\u00a1Crucif\u00edcale!\u201d<\/em>. As\u00ed tambi\u00e9n hoy los fieles, viendo el atropello y ligereza con que los sacerdotes celebran la Misa, le pierden el respeto y la veneraci\u00f3n.<\/p>\n\n\n\n<p>Fuente: San Alfonso Mar\u00eda de Ligorio,&nbsp;<em>La misa atropellada<\/em><\/p>\n","protected":false},"excerpt":{"rendered":"<p>Publicado por: Servus Cordis Iesu \u00a1Dios m\u00edo!, al ver a tantos sacerdotes como hoy celebrar con tales irreverencias&#8230; \u00bfQu\u00e9 habr\u00e1 que decir? \u00bfQue representan a Jesucristo o a tantos saltimbanquis que se ganan la vida embobando a la aldean\u00eda con &hellip; <a href=\"https:\/\/arcadei.org\/blog\/la-misa-atropellada-ii\/\">Sigue leyendo <span class=\"meta-nav\">&rarr;<\/span><\/a><\/p>\n","protected":false},"author":6,"featured_media":0,"comment_status":"closed","ping_status":"closed","sticky":false,"template":"","format":"standard","meta":{"jetpack_post_was_ever_published":false,"_jetpack_newsletter_access":"","_jetpack_dont_email_post_to_subs":false,"_jetpack_newsletter_tier_id":0,"_jetpack_memberships_contains_paywalled_content":false,"_jetpack_memberships_contains_paid_content":false,"footnotes":"","jetpack_publicize_message":"","jetpack_publicize_feature_enabled":true,"jetpack_social_post_already_shared":false,"jetpack_social_options":{"image_generator_settings":{"template":"highway","default_image_id":0,"font":"","enabled":false},"version":2}},"categories":[1],"tags":[41,60,45,43,141,20,117,122,71,131,55,36],"class_list":["post-452","post","type-post","status-publish","format-standard","hentry","category-sin-categoria","tag-deber-de-estado","tag-devocion","tag-discernimiento","tag-ejemplo","tag-laicos","tag-liturgia","tag-pecado","tag-sacerdocio","tag-sacramentos","tag-sagrado-concilio-tridentino","tag-santa-misa","tag-santos"],"jetpack_publicize_connections":[],"jetpack_featured_media_url":"","jetpack_sharing_enabled":true,"jetpack_likes_enabled":true,"jetpack_shortlink":"https:\/\/wp.me\/pg77Cv-7i","_links":{"self":[{"href":"https:\/\/arcadei.org\/blog\/wp-json\/wp\/v2\/posts\/452","targetHints":{"allow":["GET"]}}],"collection":[{"href":"https:\/\/arcadei.org\/blog\/wp-json\/wp\/v2\/posts"}],"about":[{"href":"https:\/\/arcadei.org\/blog\/wp-json\/wp\/v2\/types\/post"}],"author":[{"embeddable":true,"href":"https:\/\/arcadei.org\/blog\/wp-json\/wp\/v2\/users\/6"}],"replies":[{"embeddable":true,"href":"https:\/\/arcadei.org\/blog\/wp-json\/wp\/v2\/comments?post=452"}],"version-history":[{"count":1,"href":"https:\/\/arcadei.org\/blog\/wp-json\/wp\/v2\/posts\/452\/revisions"}],"predecessor-version":[{"id":454,"href":"https:\/\/arcadei.org\/blog\/wp-json\/wp\/v2\/posts\/452\/revisions\/454"}],"wp:attachment":[{"href":"https:\/\/arcadei.org\/blog\/wp-json\/wp\/v2\/media?parent=452"}],"wp:term":[{"taxonomy":"category","embeddable":true,"href":"https:\/\/arcadei.org\/blog\/wp-json\/wp\/v2\/categories?post=452"},{"taxonomy":"post_tag","embeddable":true,"href":"https:\/\/arcadei.org\/blog\/wp-json\/wp\/v2\/tags?post=452"}],"curies":[{"name":"wp","href":"https:\/\/api.w.org\/{rel}","templated":true}]}}